{"id":7836,"date":"2024-10-16T12:14:15","date_gmt":"2024-10-16T10:14:15","guid":{"rendered":"https:\/\/www.salumisorrentino.com\/?p=7836"},"modified":"2024-10-16T14:15:12","modified_gmt":"2024-10-16T12:15:12","slug":"modalita-aperitivo-on-nuovo-packaging-design-per-i-nostri-bocconcin","status":"publish","type":"post","link":"https:\/\/www.salumisorrentino.com\/fr\/modalita-aperitivo-on-nuovo-packaging-design-per-i-nostri-bocconcin-7836.html","title":{"rendered":"(Italiano) MODALIT\u00c0 APERITIVO ON: NUOVO PACKAGING DESIGN PER I NOSTRI BOCCONCIN!"},"content":{"rendered":"<p class=\"qtranxs-available-languages-message qtranxs-available-languages-message-fr\">D\u00e9sol\u00e9, cet article est seulement disponible en <a href=\"https:\/\/www.salumisorrentino.com\/it\/wp-json\/wp\/v2\/posts\/7836\" class=\"qtranxs-available-language-link qtranxs-available-language-link-it\" title=\"Italiano\">Italiano<\/a>.<\/p>","protected":false},"excerpt":{"rendered":"<p>D\u00e9sol\u00e9, cet article est seulement disponible en Italiano.<\/p>\n","protected":false},"author":9192193,"featured_media":7839,"comment_status":"closed","ping_status":"open","sticky":false,"template":"","format":"standard","meta":{"footnotes":""},"categories":[1],"tags":[479,480,396,478],"class_list":["post-7836","post","type-post","status-publish","format-standard","has-post-thumbnail","hentry","category-news","tag-aperitivo","tag-aperitime","tag-sorrentino","tag-bocconcin","prodpage-style3"],"yoast_head":"<!-- This site is optimized with the Yoast SEO plugin v27.5 - https:\/\/yoast.com\/product\/yoast-seo-wordpress\/ -->\n<title>(Italiano) MODALIT\u00c0 APERITIVO ON: NUOVO PACKAGING DESIGN PER I NOSTRI BOCCONCIN! - SalumiSorrentino.com<\/title>\n<meta name=\"description\" content=\"(Italiano) Aria di restyling per i BOCCONcin, che riflette l&#039;evoluzione dei tempi, andando incontro alle nuove esigenze di mercato e dell&#039;Aperitime!\" \/>\n<meta name=\"robots\" content=\"index, follow, max-snippet:-1, max-image-preview:large, max-video-preview:-1\" \/>\n<link rel=\"canonical\" href=\"https:\/\/www.salumisorrentino.com\/fr\/modalita-aperitivo-on-nuovo-packaging-design-per-i-nostri-bocconcin-7836.html\" \/>\n<meta property=\"og:locale\" content=\"fr_FR\" \/>\n<meta property=\"og:type\" content=\"article\" \/>\n<meta property=\"og:title\" content=\"(Italiano) MODALIT\u00c0 APERITIVO ON: NUOVO PACKAGING DESIGN PER I NOSTRI BOCCONCIN! - SalumiSorrentino.com\" \/>\n<meta property=\"og:description\" content=\"(Italiano) Aria di restyling per i BOCCONcin, che riflette l&#039;evoluzione dei tempi, andando incontro alle nuove esigenze di mercato e dell&#039;Aperitime!\" \/>\n<meta property=\"og:url\" content=\"https:\/\/www.salumisorrentino.com\/fr\/modalita-aperitivo-on-nuovo-packaging-design-per-i-nostri-bocconcin-7836.html\" \/>\n<meta property=\"og:site_name\" content=\"SalumiSorrentino.com\" \/>\n<meta property=\"article:publisher\" content=\"https:\/\/www.facebook.com\/SalumiSorrentino\" \/>\n<meta property=\"article:published_time\" content=\"2024-10-16T10:14:15+00:00\" \/>\n<meta property=\"article:modified_time\" content=\"2024-10-16T12:15:12+00:00\" \/>\n<meta property=\"og:image\" content=\"https:\/\/www.salumisorrentino.com\/wp-content\/uploads\/2024\/10\/immagine-aperitivo-bocconcin.jpeg\" \/>\n\t<meta property=\"og:image:width\" content=\"732\" \/>\n\t<meta property=\"og:image:height\" content=\"611\" \/>\n\t<meta property=\"og:image:type\" content=\"image\/jpeg\" \/>\n<meta name=\"author\" content=\"Salumificio Sorrentino\" \/>\n<meta name=\"twitter:card\" content=\"summary_large_image\" \/>\n<meta name=\"twitter:label1\" content=\"\u00c9crit par\" \/>\n\t<meta name=\"twitter:data1\" content=\"Salumificio Sorrentino\" \/>\n\t<meta name=\"twitter:label2\" content=\"Dur\u00e9e de lecture estim\u00e9e\" \/>\n\t<meta name=\"twitter:data2\" content=\"2 minutes\" \/>\n<script type=\"application\/ld+json\" class=\"yoast-schema-graph\">{\"@context\":\"https:\\\/\\\/schema.org\",\"@graph\":[{\"@type\":\"Article\",\"@id\":\"https:\\\/\\\/www.salumisorrentino.com\\\/fr\\\/modalita-aperitivo-on-nuovo-packaging-design-per-i-nostri-bocconcin-7836.html#article\",\"isPartOf\":{\"@id\":\"https:\\\/\\\/www.salumisorrentino.com\\\/fr\\\/modalita-aperitivo-on-nuovo-packaging-design-per-i-nostri-bocconcin-7836.html\"},\"author\":{\"name\":\"Salumificio Sorrentino\",\"@id\":\"https:\\\/\\\/www.salumisorrentino.com\\\/de\\\/#\\\/schema\\\/person\\\/522b5fa794098b11f1db91bf09ec9a43\"},\"headline\":\"(Italiano) MODALIT\u00c0 APERITIVO ON: NUOVO PACKAGING DESIGN PER I NOSTRI BOCCONCIN!\",\"datePublished\":\"2024-10-16T10:14:15+00:00\",\"dateModified\":\"2024-10-16T12:15:12+00:00\",\"mainEntityOfPage\":{\"@id\":\"https:\\\/\\\/www.salumisorrentino.com\\\/fr\\\/modalita-aperitivo-on-nuovo-packaging-design-per-i-nostri-bocconcin-7836.html\"},\"wordCount\":133,\"publisher\":{\"@id\":\"https:\\\/\\\/www.salumisorrentino.com\\\/de\\\/#organization\"},\"image\":{\"@id\":\"https:\\\/\\\/www.salumisorrentino.com\\\/fr\\\/modalita-aperitivo-on-nuovo-packaging-design-per-i-nostri-bocconcin-7836.html#primaryimage\"},\"thumbnailUrl\":\"https:\\\/\\\/www.salumisorrentino.com\\\/wp-content\\\/uploads\\\/2024\\\/10\\\/immagine-aperitivo-bocconcin.jpeg\",\"keywords\":[\"aperitivo\",\"aperitime\",\"sorrentino\",\"bocconcin\"],\"articleSection\":[\"News\"],\"inLanguage\":\"fr-FR\"},{\"@type\":\"WebPage\",\"@id\":\"https:\\\/\\\/www.salumisorrentino.com\\\/fr\\\/modalita-aperitivo-on-nuovo-packaging-design-per-i-nostri-bocconcin-7836.html\",\"url\":\"https:\\\/\\\/www.salumisorrentino.com\\\/fr\\\/modalita-aperitivo-on-nuovo-packaging-design-per-i-nostri-bocconcin-7836.html\",\"name\":\"(Italiano) MODALIT\u00c0 APERITIVO ON: NUOVO PACKAGING DESIGN PER I NOSTRI BOCCONCIN! - SalumiSorrentino.com\",\"isPartOf\":{\"@id\":\"https:\\\/\\\/www.salumisorrentino.com\\\/de\\\/#website\"},\"primaryImageOfPage\":{\"@id\":\"https:\\\/\\\/www.salumisorrentino.com\\\/fr\\\/modalita-aperitivo-on-nuovo-packaging-design-per-i-nostri-bocconcin-7836.html#primaryimage\"},\"image\":{\"@id\":\"https:\\\/\\\/www.salumisorrentino.com\\\/fr\\\/modalita-aperitivo-on-nuovo-packaging-design-per-i-nostri-bocconcin-7836.html#primaryimage\"},\"thumbnailUrl\":\"https:\\\/\\\/www.salumisorrentino.com\\\/wp-content\\\/uploads\\\/2024\\\/10\\\/immagine-aperitivo-bocconcin.jpeg\",\"datePublished\":\"2024-10-16T10:14:15+00:00\",\"dateModified\":\"2024-10-16T12:15:12+00:00\",\"description\":\"(Italiano) Aria di restyling per i BOCCONcin, che riflette l'evoluzione dei tempi, andando incontro alle nuove esigenze di mercato e dell'Aperitime!\",\"breadcrumb\":{\"@id\":\"https:\\\/\\\/www.salumisorrentino.com\\\/fr\\\/modalita-aperitivo-on-nuovo-packaging-design-per-i-nostri-bocconcin-7836.html#breadcrumb\"},\"inLanguage\":\"fr-FR\",\"potentialAction\":[{\"@type\":\"ReadAction\",\"target\":[\"https:\\\/\\\/www.salumisorrentino.com\\\/fr\\\/modalita-aperitivo-on-nuovo-packaging-design-per-i-nostri-bocconcin-7836.html\"]}]},{\"@type\":\"ImageObject\",\"inLanguage\":\"fr-FR\",\"@id\":\"https:\\\/\\\/www.salumisorrentino.com\\\/fr\\\/modalita-aperitivo-on-nuovo-packaging-design-per-i-nostri-bocconcin-7836.html#primaryimage\",\"url\":\"https:\\\/\\\/www.salumisorrentino.com\\\/wp-content\\\/uploads\\\/2024\\\/10\\\/immagine-aperitivo-bocconcin.jpeg\",\"contentUrl\":\"https:\\\/\\\/www.salumisorrentino.com\\\/wp-content\\\/uploads\\\/2024\\\/10\\\/immagine-aperitivo-bocconcin.jpeg\",\"width\":732,\"height\":611},{\"@type\":\"BreadcrumbList\",\"@id\":\"https:\\\/\\\/www.salumisorrentino.com\\\/fr\\\/modalita-aperitivo-on-nuovo-packaging-design-per-i-nostri-bocconcin-7836.html#breadcrumb\",\"itemListElement\":[{\"@type\":\"ListItem\",\"position\":1,\"name\":\"Home\",\"item\":\"https:\\\/\\\/www.salumisorrentino.com\\\/\"},{\"@type\":\"ListItem\",\"position\":2,\"name\":\"(Italiano) MODALIT\u00c0 APERITIVO ON: NUOVO PACKAGING DESIGN PER I NOSTRI BOCCONCIN!\"}]},{\"@type\":\"WebSite\",\"@id\":\"https:\\\/\\\/www.salumisorrentino.com\\\/de\\\/#website\",\"url\":\"https:\\\/\\\/www.salumisorrentino.com\\\/de\\\/\",\"name\":\"SalumiSorrentino.com\",\"description\":\"Salumificio Sorrentino | Bont\u00e9 \u00e0 mordre!\",\"publisher\":{\"@id\":\"https:\\\/\\\/www.salumisorrentino.com\\\/de\\\/#organization\"},\"potentialAction\":[{\"@type\":\"SearchAction\",\"target\":{\"@type\":\"EntryPoint\",\"urlTemplate\":\"https:\\\/\\\/www.salumisorrentino.com\\\/de\\\/?s={search_term_string}\"},\"query-input\":{\"@type\":\"PropertyValueSpecification\",\"valueRequired\":true,\"valueName\":\"search_term_string\"}}],\"inLanguage\":\"fr-FR\"},{\"@type\":\"Organization\",\"@id\":\"https:\\\/\\\/www.salumisorrentino.com\\\/de\\\/#organization\",\"name\":\"Salumificio Sorrentino SRL\",\"url\":\"https:\\\/\\\/www.salumisorrentino.com\\\/de\\\/\",\"logo\":{\"@type\":\"ImageObject\",\"inLanguage\":\"fr-FR\",\"@id\":\"https:\\\/\\\/www.salumisorrentino.com\\\/de\\\/#\\\/schema\\\/logo\\\/image\\\/\",\"url\":\"https:\\\/\\\/www.salumisorrentino.com\\\/wp-content\\\/uploads\\\/2017\\\/03\\\/salumisorrentino_logo4.png\",\"contentUrl\":\"https:\\\/\\\/www.salumisorrentino.com\\\/wp-content\\\/uploads\\\/2017\\\/03\\\/salumisorrentino_logo4.png\",\"width\":237,\"height\":150,\"caption\":\"Salumificio Sorrentino SRL\"},\"image\":{\"@id\":\"https:\\\/\\\/www.salumisorrentino.com\\\/de\\\/#\\\/schema\\\/logo\\\/image\\\/\"},\"sameAs\":[\"https:\\\/\\\/www.facebook.com\\\/SalumiSorrentino\",\"https:\\\/\\\/www.instagram.com\\\/salumificiosorrentino\\\/\",\"https:\\\/\\\/www.youtube.com\\\/channel\\\/UC_gMQgCayZuMysAxrDx4lNA\"]},{\"@type\":\"Person\",\"@id\":\"https:\\\/\\\/www.salumisorrentino.com\\\/de\\\/#\\\/schema\\\/person\\\/522b5fa794098b11f1db91bf09ec9a43\",\"name\":\"Salumificio Sorrentino\",\"image\":{\"@type\":\"ImageObject\",\"inLanguage\":\"fr-FR\",\"@id\":\"https:\\\/\\\/secure.gravatar.com\\\/avatar\\\/ed3b31015eb64b9dbe1965adfd41308a70ac66e8c945247f3817f69d5ee23225?s=96&d=mm&r=g\",\"url\":\"https:\\\/\\\/secure.gravatar.com\\\/avatar\\\/ed3b31015eb64b9dbe1965adfd41308a70ac66e8c945247f3817f69d5ee23225?s=96&d=mm&r=g\",\"contentUrl\":\"https:\\\/\\\/secure.gravatar.com\\\/avatar\\\/ed3b31015eb64b9dbe1965adfd41308a70ac66e8c945247f3817f69d5ee23225?s=96&d=mm&r=g\",\"caption\":\"Salumificio Sorrentino\"},\"sameAs\":[\"http:\\\/\\\/www.salumisorrentino.com\"],\"url\":\"https:\\\/\\\/www.salumisorrentino.com\\\/fr\\\/author\\\/sorrentino\"}]}<\/script>\n<!-- \/ Yoast SEO plugin. -->","yoast_head_json":{"title":"(Italiano) MODALIT\u00c0 APERITIVO ON: NUOVO PACKAGING DESIGN PER I NOSTRI BOCCONCIN! - SalumiSorrentino.com","description":"(Italiano) Aria di restyling per i BOCCONcin, che riflette l'evoluzione dei tempi, andando incontro alle nuove esigenze di mercato e dell'Aperitime!","robots":{"index":"index","follow":"follow","max-snippet":"max-snippet:-1","max-image-preview":"max-image-preview:large","max-video-preview":"max-video-preview:-1"},"canonical":"https:\/\/www.salumisorrentino.com\/fr\/modalita-aperitivo-on-nuovo-packaging-design-per-i-nostri-bocconcin-7836.html","og_locale":"fr_FR","og_type":"article","og_title":"(Italiano) MODALIT\u00c0 APERITIVO ON: NUOVO PACKAGING DESIGN PER I NOSTRI BOCCONCIN! - SalumiSorrentino.com","og_description":"(Italiano) Aria di restyling per i BOCCONcin, che riflette l'evoluzione dei tempi, andando incontro alle nuove esigenze di mercato e dell'Aperitime!","og_url":"https:\/\/www.salumisorrentino.com\/fr\/modalita-aperitivo-on-nuovo-packaging-design-per-i-nostri-bocconcin-7836.html","og_site_name":"SalumiSorrentino.com","article_publisher":"https:\/\/www.facebook.com\/SalumiSorrentino","article_published_time":"2024-10-16T10:14:15+00:00","article_modified_time":"2024-10-16T12:15:12+00:00","og_image":[{"width":732,"height":611,"url":"https:\/\/www.salumisorrentino.com\/wp-content\/uploads\/2024\/10\/immagine-aperitivo-bocconcin.jpeg","type":"image\/jpeg"}],"author":"Salumificio Sorrentino","twitter_card":"summary_large_image","twitter_misc":{"\u00c9crit par":"Salumificio Sorrentino","Dur\u00e9e de lecture estim\u00e9e":"2 minutes"},"schema":{"@context":"https:\/\/schema.org","@graph":[{"@type":"Article","@id":"https:\/\/www.salumisorrentino.com\/fr\/modalita-aperitivo-on-nuovo-packaging-design-per-i-nostri-bocconcin-7836.html#article","isPartOf":{"@id":"https:\/\/www.salumisorrentino.com\/fr\/modalita-aperitivo-on-nuovo-packaging-design-per-i-nostri-bocconcin-7836.html"},"author":{"name":"Salumificio Sorrentino","@id":"https:\/\/www.salumisorrentino.com\/de\/#\/schema\/person\/522b5fa794098b11f1db91bf09ec9a43"},"headline":"(Italiano) MODALIT\u00c0 APERITIVO ON: NUOVO PACKAGING DESIGN PER I NOSTRI BOCCONCIN!","datePublished":"2024-10-16T10:14:15+00:00","dateModified":"2024-10-16T12:15:12+00:00","mainEntityOfPage":{"@id":"https:\/\/www.salumisorrentino.com\/fr\/modalita-aperitivo-on-nuovo-packaging-design-per-i-nostri-bocconcin-7836.html"},"wordCount":133,"publisher":{"@id":"https:\/\/www.salumisorrentino.com\/de\/#organization"},"image":{"@id":"https:\/\/www.salumisorrentino.com\/fr\/modalita-aperitivo-on-nuovo-packaging-design-per-i-nostri-bocconcin-7836.html#primaryimage"},"thumbnailUrl":"https:\/\/www.salumisorrentino.com\/wp-content\/uploads\/2024\/10\/immagine-aperitivo-bocconcin.jpeg","keywords":["aperitivo","aperitime","sorrentino","bocconcin"],"articleSection":["News"],"inLanguage":"fr-FR"},{"@type":"WebPage","@id":"https:\/\/www.salumisorrentino.com\/fr\/modalita-aperitivo-on-nuovo-packaging-design-per-i-nostri-bocconcin-7836.html","url":"https:\/\/www.salumisorrentino.com\/fr\/modalita-aperitivo-on-nuovo-packaging-design-per-i-nostri-bocconcin-7836.html","name":"(Italiano) MODALIT\u00c0 APERITIVO ON: NUOVO PACKAGING DESIGN PER I NOSTRI BOCCONCIN! - SalumiSorrentino.com","isPartOf":{"@id":"https:\/\/www.salumisorrentino.com\/de\/#website"},"primaryImageOfPage":{"@id":"https:\/\/www.salumisorrentino.com\/fr\/modalita-aperitivo-on-nuovo-packaging-design-per-i-nostri-bocconcin-7836.html#primaryimage"},"image":{"@id":"https:\/\/www.salumisorrentino.com\/fr\/modalita-aperitivo-on-nuovo-packaging-design-per-i-nostri-bocconcin-7836.html#primaryimage"},"thumbnailUrl":"https:\/\/www.salumisorrentino.com\/wp-content\/uploads\/2024\/10\/immagine-aperitivo-bocconcin.jpeg","datePublished":"2024-10-16T10:14:15+00:00","dateModified":"2024-10-16T12:15:12+00:00","description":"(Italiano) Aria di restyling per i BOCCONcin, che riflette l'evoluzione dei tempi, andando incontro alle nuove esigenze di mercato e dell'Aperitime!","breadcrumb":{"@id":"https:\/\/www.salumisorrentino.com\/fr\/modalita-aperitivo-on-nuovo-packaging-design-per-i-nostri-bocconcin-7836.html#breadcrumb"},"inLanguage":"fr-FR","potentialAction":[{"@type":"ReadAction","target":["https:\/\/www.salumisorrentino.com\/fr\/modalita-aperitivo-on-nuovo-packaging-design-per-i-nostri-bocconcin-7836.html"]}]},{"@type":"ImageObject","inLanguage":"fr-FR","@id":"https:\/\/www.salumisorrentino.com\/fr\/modalita-aperitivo-on-nuovo-packaging-design-per-i-nostri-bocconcin-7836.html#primaryimage","url":"https:\/\/www.salumisorrentino.com\/wp-content\/uploads\/2024\/10\/immagine-aperitivo-bocconcin.jpeg","contentUrl":"https:\/\/www.salumisorrentino.com\/wp-content\/uploads\/2024\/10\/immagine-aperitivo-bocconcin.jpeg","width":732,"height":611},{"@type":"BreadcrumbList","@id":"https:\/\/www.salumisorrentino.com\/fr\/modalita-aperitivo-on-nuovo-packaging-design-per-i-nostri-bocconcin-7836.html#breadcrumb","itemListElement":[{"@type":"ListItem","position":1,"name":"Home","item":"https:\/\/www.salumisorrentino.com\/"},{"@type":"ListItem","position":2,"name":"(Italiano) MODALIT\u00c0 APERITIVO ON: NUOVO PACKAGING DESIGN PER I NOSTRI BOCCONCIN!"}]},{"@type":"WebSite","@id":"https:\/\/www.salumisorrentino.com\/de\/#website","url":"https:\/\/www.salumisorrentino.com\/de\/","name":"SalumiSorrentino.com","description":"Salumificio Sorrentino | Bont\u00e9 \u00e0 mordre!","publisher":{"@id":"https:\/\/www.salumisorrentino.com\/de\/#organization"},"potentialAction":[{"@type":"SearchAction","target":{"@type":"EntryPoint","urlTemplate":"https:\/\/www.salumisorrentino.com\/de\/?s={search_term_string}"},"query-input":{"@type":"PropertyValueSpecification","valueRequired":true,"valueName":"search_term_string"}}],"inLanguage":"fr-FR"},{"@type":"Organization","@id":"https:\/\/www.salumisorrentino.com\/de\/#organization","name":"Salumificio Sorrentino SRL","url":"https:\/\/www.salumisorrentino.com\/de\/","logo":{"@type":"ImageObject","inLanguage":"fr-FR","@id":"https:\/\/www.salumisorrentino.com\/de\/#\/schema\/logo\/image\/","url":"https:\/\/www.salumisorrentino.com\/wp-content\/uploads\/2017\/03\/salumisorrentino_logo4.png","contentUrl":"https:\/\/www.salumisorrentino.com\/wp-content\/uploads\/2017\/03\/salumisorrentino_logo4.png","width":237,"height":150,"caption":"Salumificio Sorrentino SRL"},"image":{"@id":"https:\/\/www.salumisorrentino.com\/de\/#\/schema\/logo\/image\/"},"sameAs":["https:\/\/www.facebook.com\/SalumiSorrentino","https:\/\/www.instagram.com\/salumificiosorrentino\/","https:\/\/www.youtube.com\/channel\/UC_gMQgCayZuMysAxrDx4lNA"]},{"@type":"Person","@id":"https:\/\/www.salumisorrentino.com\/de\/#\/schema\/person\/522b5fa794098b11f1db91bf09ec9a43","name":"Salumificio Sorrentino","image":{"@type":"ImageObject","inLanguage":"fr-FR","@id":"https:\/\/secure.gravatar.com\/avatar\/ed3b31015eb64b9dbe1965adfd41308a70ac66e8c945247f3817f69d5ee23225?s=96&d=mm&r=g","url":"https:\/\/secure.gravatar.com\/avatar\/ed3b31015eb64b9dbe1965adfd41308a70ac66e8c945247f3817f69d5ee23225?s=96&d=mm&r=g","contentUrl":"https:\/\/secure.gravatar.com\/avatar\/ed3b31015eb64b9dbe1965adfd41308a70ac66e8c945247f3817f69d5ee23225?s=96&d=mm&r=g","caption":"Salumificio Sorrentino"},"sameAs":["http:\/\/www.salumisorrentino.com"],"url":"https:\/\/www.salumisorrentino.com\/fr\/author\/sorrentino"}]}},"_links":{"self":[{"href":"https:\/\/www.salumisorrentino.com\/fr\/wp-json\/wp\/v2\/posts\/7836","targetHints":{"allow":["GET"]}}],"collection":[{"href":"https:\/\/www.salumisorrentino.com\/fr\/wp-json\/wp\/v2\/posts"}],"about":[{"href":"https:\/\/www.salumisorrentino.com\/fr\/wp-json\/wp\/v2\/types\/post"}],"author":[{"embeddable":true,"href":"https:\/\/www.salumisorrentino.com\/fr\/wp-json\/wp\/v2\/users\/9192193"}],"replies":[{"embeddable":true,"href":"https:\/\/www.salumisorrentino.com\/fr\/wp-json\/wp\/v2\/comments?post=7836"}],"version-history":[{"count":4,"href":"https:\/\/www.salumisorrentino.com\/fr\/wp-json\/wp\/v2\/posts\/7836\/revisions"}],"predecessor-version":[{"id":7848,"href":"https:\/\/www.salumisorrentino.com\/fr\/wp-json\/wp\/v2\/posts\/7836\/revisions\/7848"}],"wp:featuredmedia":[{"embeddable":true,"href":"https:\/\/www.salumisorrentino.com\/fr\/wp-json\/wp\/v2\/media\/7839"}],"wp:attachment":[{"href":"https:\/\/www.salumisorrentino.com\/fr\/wp-json\/wp\/v2\/media?parent=7836"}],"wp:term":[{"taxonomy":"category","embeddable":true,"href":"https:\/\/www.salumisorrentino.com\/fr\/wp-json\/wp\/v2\/categories?post=7836"},{"taxonomy":"post_tag","embeddable":true,"href":"https:\/\/www.salumisorrentino.com\/fr\/wp-json\/wp\/v2\/tags?post=7836"}],"curies":[{"name":"wp","href":"https:\/\/api.w.org\/{rel}","templated":true}]}}