{"id":2663,"date":"2016-12-20T10:59:36","date_gmt":"2016-12-20T09:59:36","guid":{"rendered":"http:\/\/www.salumisorrentino.com\/?p=2663"},"modified":"2017-05-03T07:55:24","modified_gmt":"2017-05-03T05:55:24","slug":"fiera-marca-bologna-2017","status":"publish","type":"post","link":"https:\/\/www.salumisorrentino.com\/fr\/fiera-marca-bologna-2017-2663.html","title":{"rendered":"FIERA MARCA BOLOGNA 2017"},"content":{"rendered":"Il Salumificio Sorrentino parteciper\u00e0 all&rsquo;edizione 2017 del Marca di Bologna, fiera incentrata sul marchio privato, per la terza edizione consecutiva.<\/p>\n<p>La kermesse rappresenta uno strumento fondamentale per lo sviluppo del segmento private label che sta diventanto un comparto sempre pi\u00f9 importante nel ventaglio di offerte proposte dalla nostra azienda.<\/p>\n<p>L&rsquo;appuntamento \u00e8 a Bologna dal 18 al 19 Gennaio 2017.<\/p>\n<p><img loading=\"lazy\" decoding=\"async\" class=\"alignnone wp-image-2664\" src=\"https:\/\/www.salumisorrentino.com\/wp-content\/uploads\/2016\/12\/marca-bologna-2017-1.png\" alt=\"\" width=\"348\" height=\"261\" srcset=\"https:\/\/www.salumisorrentino.com\/wp-content\/uploads\/2016\/12\/marca-bologna-2017-1.png 800w, https:\/\/www.salumisorrentino.com\/wp-content\/uploads\/2016\/12\/marca-bologna-2017-1-768x576.png 768w\" sizes=\"auto, (max-width: 348px) 100vw, 348px\" \/>","protected":false},"excerpt":{"rendered":"<p>Il Salumificio Sorrentino parteciper\u00e0 all&rsquo;edizione 2017 del Marca di Bologna, fiera incentrata sul marchio privato, per la terza edizione consecutiva. La kermesse rappresenta uno strumento fondamentale per lo sviluppo del segmento private label che sta diventanto un comparto sempre pi\u00f9 importante nel ventaglio di offerte proposte dalla nostra azienda. L&rsquo;appuntamento \u00e8 a Bologna dal 18<\/p>\n","protected":false},"author":9192193,"featured_media":2688,"comment_status":"closed","ping_status":"open","sticky":false,"template":"","format":"standard","meta":{"footnotes":""},"categories":[1],"tags":[63,120,202,204,29],"class_list":["post-2663","post","type-post","status-publish","format-standard","has-post-thumbnail","hentry","category-news","tag-abruzzo","tag-salame-abruzzese","tag-salame-artigianale","tag-specialita-abruzzese","tag-salumificio-sorrentino","prodpage-style3"],"yoast_head":"<!-- This site is optimized with the Yoast SEO plugin v27.5 - https:\/\/yoast.com\/product\/yoast-seo-wordpress\/ -->\n<title>FIERA MARCA BOLOGNA 2017 - SalumiSorrentino.com<\/title>\n<meta name=\"robots\" content=\"index, follow, max-snippet:-1, max-image-preview:large, max-video-preview:-1\" \/>\n<link rel=\"canonical\" href=\"https:\/\/www.salumisorrentino.com\/fr\/fiera-marca-bologna-2017-2663.html\" \/>\n<meta property=\"og:locale\" content=\"fr_FR\" \/>\n<meta property=\"og:type\" content=\"article\" \/>\n<meta property=\"og:title\" content=\"FIERA MARCA BOLOGNA 2017 - SalumiSorrentino.com\" \/>\n<meta property=\"og:description\" content=\"Il Salumificio Sorrentino parteciper\u00e0 all&rsquo;edizione 2017 del Marca di Bologna, fiera incentrata sul marchio privato, per la terza edizione consecutiva. La kermesse rappresenta uno strumento fondamentale per lo sviluppo del segmento private label che sta diventanto un comparto sempre pi\u00f9 importante nel ventaglio di offerte proposte dalla nostra azienda. L&rsquo;appuntamento \u00e8 a Bologna dal 18\" \/>\n<meta property=\"og:url\" content=\"https:\/\/www.salumisorrentino.com\/fr\/fiera-marca-bologna-2017-2663.html\" \/>\n<meta property=\"og:site_name\" content=\"SalumiSorrentino.com\" \/>\n<meta property=\"article:publisher\" content=\"https:\/\/www.facebook.com\/SalumiSorrentino\" \/>\n<meta property=\"article:published_time\" content=\"2016-12-20T09:59:36+00:00\" \/>\n<meta property=\"article:modified_time\" content=\"2017-05-03T05:55:24+00:00\" \/>\n<meta property=\"og:image\" content=\"https:\/\/www.salumisorrentino.com\/wp-content\/uploads\/2017\/01\/slide_template-Marca-2017.jpg\" \/>\n\t<meta property=\"og:image:width\" content=\"1400\" \/>\n\t<meta property=\"og:image:height\" content=\"800\" \/>\n\t<meta property=\"og:image:type\" content=\"image\/jpeg\" \/>\n<meta name=\"author\" content=\"Salumificio Sorrentino\" \/>\n<meta name=\"twitter:card\" content=\"summary_large_image\" \/>\n<meta name=\"twitter:label1\" content=\"\u00c9crit par\" \/>\n\t<meta name=\"twitter:data1\" content=\"Salumificio Sorrentino\" \/>\n\t<meta name=\"twitter:label2\" content=\"Dur\u00e9e de lecture estim\u00e9e\" \/>\n\t<meta name=\"twitter:data2\" content=\"1 minute\" \/>\n<script type=\"application\/ld+json\" class=\"yoast-schema-graph\">{\"@context\":\"https:\\\/\\\/schema.org\",\"@graph\":[{\"@type\":\"Article\",\"@id\":\"https:\\\/\\\/www.salumisorrentino.com\\\/fr\\\/fiera-marca-bologna-2017-2663.html#article\",\"isPartOf\":{\"@id\":\"https:\\\/\\\/www.salumisorrentino.com\\\/fr\\\/fiera-marca-bologna-2017-2663.html\"},\"author\":{\"name\":\"Salumificio Sorrentino\",\"@id\":\"https:\\\/\\\/www.salumisorrentino.com\\\/de\\\/#\\\/schema\\\/person\\\/522b5fa794098b11f1db91bf09ec9a43\"},\"headline\":\"FIERA MARCA BOLOGNA 2017\",\"datePublished\":\"2016-12-20T09:59:36+00:00\",\"dateModified\":\"2017-05-03T05:55:24+00:00\",\"mainEntityOfPage\":{\"@id\":\"https:\\\/\\\/www.salumisorrentino.com\\\/fr\\\/fiera-marca-bologna-2017-2663.html\"},\"wordCount\":233,\"publisher\":{\"@id\":\"https:\\\/\\\/www.salumisorrentino.com\\\/de\\\/#organization\"},\"image\":{\"@id\":\"https:\\\/\\\/www.salumisorrentino.com\\\/fr\\\/fiera-marca-bologna-2017-2663.html#primaryimage\"},\"thumbnailUrl\":\"https:\\\/\\\/www.salumisorrentino.com\\\/wp-content\\\/uploads\\\/2017\\\/01\\\/slide_template-Marca-2017.jpg\",\"keywords\":[\"Abruzzo\",\"Salame Abruzzese\",\"salame artigianale\",\"specialit\u00e0 abruzzese\",\"salumificio sorrentino\"],\"articleSection\":[\"News\"],\"inLanguage\":\"fr-FR\"},{\"@type\":\"WebPage\",\"@id\":\"https:\\\/\\\/www.salumisorrentino.com\\\/fr\\\/fiera-marca-bologna-2017-2663.html\",\"url\":\"https:\\\/\\\/www.salumisorrentino.com\\\/fr\\\/fiera-marca-bologna-2017-2663.html\",\"name\":\"FIERA MARCA BOLOGNA 2017 - SalumiSorrentino.com\",\"isPartOf\":{\"@id\":\"https:\\\/\\\/www.salumisorrentino.com\\\/de\\\/#website\"},\"primaryImageOfPage\":{\"@id\":\"https:\\\/\\\/www.salumisorrentino.com\\\/fr\\\/fiera-marca-bologna-2017-2663.html#primaryimage\"},\"image\":{\"@id\":\"https:\\\/\\\/www.salumisorrentino.com\\\/fr\\\/fiera-marca-bologna-2017-2663.html#primaryimage\"},\"thumbnailUrl\":\"https:\\\/\\\/www.salumisorrentino.com\\\/wp-content\\\/uploads\\\/2017\\\/01\\\/slide_template-Marca-2017.jpg\",\"datePublished\":\"2016-12-20T09:59:36+00:00\",\"dateModified\":\"2017-05-03T05:55:24+00:00\",\"breadcrumb\":{\"@id\":\"https:\\\/\\\/www.salumisorrentino.com\\\/fr\\\/fiera-marca-bologna-2017-2663.html#breadcrumb\"},\"inLanguage\":\"fr-FR\",\"potentialAction\":[{\"@type\":\"ReadAction\",\"target\":[\"https:\\\/\\\/www.salumisorrentino.com\\\/fr\\\/fiera-marca-bologna-2017-2663.html\"]}]},{\"@type\":\"ImageObject\",\"inLanguage\":\"fr-FR\",\"@id\":\"https:\\\/\\\/www.salumisorrentino.com\\\/fr\\\/fiera-marca-bologna-2017-2663.html#primaryimage\",\"url\":\"https:\\\/\\\/www.salumisorrentino.com\\\/wp-content\\\/uploads\\\/2017\\\/01\\\/slide_template-Marca-2017.jpg\",\"contentUrl\":\"https:\\\/\\\/www.salumisorrentino.com\\\/wp-content\\\/uploads\\\/2017\\\/01\\\/slide_template-Marca-2017.jpg\",\"width\":1400,\"height\":800},{\"@type\":\"BreadcrumbList\",\"@id\":\"https:\\\/\\\/www.salumisorrentino.com\\\/fr\\\/fiera-marca-bologna-2017-2663.html#breadcrumb\",\"itemListElement\":[{\"@type\":\"ListItem\",\"position\":1,\"name\":\"Home\",\"item\":\"https:\\\/\\\/www.salumisorrentino.com\\\/\"},{\"@type\":\"ListItem\",\"position\":2,\"name\":\"FIERA MARCA BOLOGNA 2017\"}]},{\"@type\":\"WebSite\",\"@id\":\"https:\\\/\\\/www.salumisorrentino.com\\\/de\\\/#website\",\"url\":\"https:\\\/\\\/www.salumisorrentino.com\\\/de\\\/\",\"name\":\"SalumiSorrentino.com\",\"description\":\"Salumificio Sorrentino | Bont\u00e9 \u00e0 mordre!\",\"publisher\":{\"@id\":\"https:\\\/\\\/www.salumisorrentino.com\\\/de\\\/#organization\"},\"potentialAction\":[{\"@type\":\"SearchAction\",\"target\":{\"@type\":\"EntryPoint\",\"urlTemplate\":\"https:\\\/\\\/www.salumisorrentino.com\\\/de\\\/?s={search_term_string}\"},\"query-input\":{\"@type\":\"PropertyValueSpecification\",\"valueRequired\":true,\"valueName\":\"search_term_string\"}}],\"inLanguage\":\"fr-FR\"},{\"@type\":\"Organization\",\"@id\":\"https:\\\/\\\/www.salumisorrentino.com\\\/de\\\/#organization\",\"name\":\"Salumificio Sorrentino SRL\",\"url\":\"https:\\\/\\\/www.salumisorrentino.com\\\/de\\\/\",\"logo\":{\"@type\":\"ImageObject\",\"inLanguage\":\"fr-FR\",\"@id\":\"https:\\\/\\\/www.salumisorrentino.com\\\/de\\\/#\\\/schema\\\/logo\\\/image\\\/\",\"url\":\"https:\\\/\\\/www.salumisorrentino.com\\\/wp-content\\\/uploads\\\/2017\\\/03\\\/salumisorrentino_logo4.png\",\"contentUrl\":\"https:\\\/\\\/www.salumisorrentino.com\\\/wp-content\\\/uploads\\\/2017\\\/03\\\/salumisorrentino_logo4.png\",\"width\":237,\"height\":150,\"caption\":\"Salumificio Sorrentino SRL\"},\"image\":{\"@id\":\"https:\\\/\\\/www.salumisorrentino.com\\\/de\\\/#\\\/schema\\\/logo\\\/image\\\/\"},\"sameAs\":[\"https:\\\/\\\/www.facebook.com\\\/SalumiSorrentino\",\"https:\\\/\\\/www.instagram.com\\\/salumificiosorrentino\\\/\",\"https:\\\/\\\/www.youtube.com\\\/channel\\\/UC_gMQgCayZuMysAxrDx4lNA\"]},{\"@type\":\"Person\",\"@id\":\"https:\\\/\\\/www.salumisorrentino.com\\\/de\\\/#\\\/schema\\\/person\\\/522b5fa794098b11f1db91bf09ec9a43\",\"name\":\"Salumificio Sorrentino\",\"image\":{\"@type\":\"ImageObject\",\"inLanguage\":\"fr-FR\",\"@id\":\"https:\\\/\\\/secure.gravatar.com\\\/avatar\\\/ed3b31015eb64b9dbe1965adfd41308a70ac66e8c945247f3817f69d5ee23225?s=96&d=mm&r=g\",\"url\":\"https:\\\/\\\/secure.gravatar.com\\\/avatar\\\/ed3b31015eb64b9dbe1965adfd41308a70ac66e8c945247f3817f69d5ee23225?s=96&d=mm&r=g\",\"contentUrl\":\"https:\\\/\\\/secure.gravatar.com\\\/avatar\\\/ed3b31015eb64b9dbe1965adfd41308a70ac66e8c945247f3817f69d5ee23225?s=96&d=mm&r=g\",\"caption\":\"Salumificio Sorrentino\"},\"sameAs\":[\"http:\\\/\\\/www.salumisorrentino.com\"],\"url\":\"https:\\\/\\\/www.salumisorrentino.com\\\/fr\\\/author\\\/sorrentino\"}]}<\/script>\n<!-- \/ Yoast SEO plugin. -->","yoast_head_json":{"title":"FIERA MARCA BOLOGNA 2017 - SalumiSorrentino.com","robots":{"index":"index","follow":"follow","max-snippet":"max-snippet:-1","max-image-preview":"max-image-preview:large","max-video-preview":"max-video-preview:-1"},"canonical":"https:\/\/www.salumisorrentino.com\/fr\/fiera-marca-bologna-2017-2663.html","og_locale":"fr_FR","og_type":"article","og_title":"FIERA MARCA BOLOGNA 2017 - SalumiSorrentino.com","og_description":"Il Salumificio Sorrentino parteciper\u00e0 all&rsquo;edizione 2017 del Marca di Bologna, fiera incentrata sul marchio privato, per la terza edizione consecutiva. La kermesse rappresenta uno strumento fondamentale per lo sviluppo del segmento private label che sta diventanto un comparto sempre pi\u00f9 importante nel ventaglio di offerte proposte dalla nostra azienda. L&rsquo;appuntamento \u00e8 a Bologna dal 18","og_url":"https:\/\/www.salumisorrentino.com\/fr\/fiera-marca-bologna-2017-2663.html","og_site_name":"SalumiSorrentino.com","article_publisher":"https:\/\/www.facebook.com\/SalumiSorrentino","article_published_time":"2016-12-20T09:59:36+00:00","article_modified_time":"2017-05-03T05:55:24+00:00","og_image":[{"width":1400,"height":800,"url":"https:\/\/www.salumisorrentino.com\/wp-content\/uploads\/2017\/01\/slide_template-Marca-2017.jpg","type":"image\/jpeg"}],"author":"Salumificio Sorrentino","twitter_card":"summary_large_image","twitter_misc":{"\u00c9crit par":"Salumificio Sorrentino","Dur\u00e9e de lecture estim\u00e9e":"1 minute"},"schema":{"@context":"https:\/\/schema.org","@graph":[{"@type":"Article","@id":"https:\/\/www.salumisorrentino.com\/fr\/fiera-marca-bologna-2017-2663.html#article","isPartOf":{"@id":"https:\/\/www.salumisorrentino.com\/fr\/fiera-marca-bologna-2017-2663.html"},"author":{"name":"Salumificio Sorrentino","@id":"https:\/\/www.salumisorrentino.com\/de\/#\/schema\/person\/522b5fa794098b11f1db91bf09ec9a43"},"headline":"FIERA MARCA BOLOGNA 2017","datePublished":"2016-12-20T09:59:36+00:00","dateModified":"2017-05-03T05:55:24+00:00","mainEntityOfPage":{"@id":"https:\/\/www.salumisorrentino.com\/fr\/fiera-marca-bologna-2017-2663.html"},"wordCount":233,"publisher":{"@id":"https:\/\/www.salumisorrentino.com\/de\/#organization"},"image":{"@id":"https:\/\/www.salumisorrentino.com\/fr\/fiera-marca-bologna-2017-2663.html#primaryimage"},"thumbnailUrl":"https:\/\/www.salumisorrentino.com\/wp-content\/uploads\/2017\/01\/slide_template-Marca-2017.jpg","keywords":["Abruzzo","Salame Abruzzese","salame artigianale","specialit\u00e0 abruzzese","salumificio sorrentino"],"articleSection":["News"],"inLanguage":"fr-FR"},{"@type":"WebPage","@id":"https:\/\/www.salumisorrentino.com\/fr\/fiera-marca-bologna-2017-2663.html","url":"https:\/\/www.salumisorrentino.com\/fr\/fiera-marca-bologna-2017-2663.html","name":"FIERA MARCA BOLOGNA 2017 - SalumiSorrentino.com","isPartOf":{"@id":"https:\/\/www.salumisorrentino.com\/de\/#website"},"primaryImageOfPage":{"@id":"https:\/\/www.salumisorrentino.com\/fr\/fiera-marca-bologna-2017-2663.html#primaryimage"},"image":{"@id":"https:\/\/www.salumisorrentino.com\/fr\/fiera-marca-bologna-2017-2663.html#primaryimage"},"thumbnailUrl":"https:\/\/www.salumisorrentino.com\/wp-content\/uploads\/2017\/01\/slide_template-Marca-2017.jpg","datePublished":"2016-12-20T09:59:36+00:00","dateModified":"2017-05-03T05:55:24+00:00","breadcrumb":{"@id":"https:\/\/www.salumisorrentino.com\/fr\/fiera-marca-bologna-2017-2663.html#breadcrumb"},"inLanguage":"fr-FR","potentialAction":[{"@type":"ReadAction","target":["https:\/\/www.salumisorrentino.com\/fr\/fiera-marca-bologna-2017-2663.html"]}]},{"@type":"ImageObject","inLanguage":"fr-FR","@id":"https:\/\/www.salumisorrentino.com\/fr\/fiera-marca-bologna-2017-2663.html#primaryimage","url":"https:\/\/www.salumisorrentino.com\/wp-content\/uploads\/2017\/01\/slide_template-Marca-2017.jpg","contentUrl":"https:\/\/www.salumisorrentino.com\/wp-content\/uploads\/2017\/01\/slide_template-Marca-2017.jpg","width":1400,"height":800},{"@type":"BreadcrumbList","@id":"https:\/\/www.salumisorrentino.com\/fr\/fiera-marca-bologna-2017-2663.html#breadcrumb","itemListElement":[{"@type":"ListItem","position":1,"name":"Home","item":"https:\/\/www.salumisorrentino.com\/"},{"@type":"ListItem","position":2,"name":"FIERA MARCA BOLOGNA 2017"}]},{"@type":"WebSite","@id":"https:\/\/www.salumisorrentino.com\/de\/#website","url":"https:\/\/www.salumisorrentino.com\/de\/","name":"SalumiSorrentino.com","description":"Salumificio Sorrentino | Bont\u00e9 \u00e0 mordre!","publisher":{"@id":"https:\/\/www.salumisorrentino.com\/de\/#organization"},"potentialAction":[{"@type":"SearchAction","target":{"@type":"EntryPoint","urlTemplate":"https:\/\/www.salumisorrentino.com\/de\/?s={search_term_string}"},"query-input":{"@type":"PropertyValueSpecification","valueRequired":true,"valueName":"search_term_string"}}],"inLanguage":"fr-FR"},{"@type":"Organization","@id":"https:\/\/www.salumisorrentino.com\/de\/#organization","name":"Salumificio Sorrentino SRL","url":"https:\/\/www.salumisorrentino.com\/de\/","logo":{"@type":"ImageObject","inLanguage":"fr-FR","@id":"https:\/\/www.salumisorrentino.com\/de\/#\/schema\/logo\/image\/","url":"https:\/\/www.salumisorrentino.com\/wp-content\/uploads\/2017\/03\/salumisorrentino_logo4.png","contentUrl":"https:\/\/www.salumisorrentino.com\/wp-content\/uploads\/2017\/03\/salumisorrentino_logo4.png","width":237,"height":150,"caption":"Salumificio Sorrentino SRL"},"image":{"@id":"https:\/\/www.salumisorrentino.com\/de\/#\/schema\/logo\/image\/"},"sameAs":["https:\/\/www.facebook.com\/SalumiSorrentino","https:\/\/www.instagram.com\/salumificiosorrentino\/","https:\/\/www.youtube.com\/channel\/UC_gMQgCayZuMysAxrDx4lNA"]},{"@type":"Person","@id":"https:\/\/www.salumisorrentino.com\/de\/#\/schema\/person\/522b5fa794098b11f1db91bf09ec9a43","name":"Salumificio Sorrentino","image":{"@type":"ImageObject","inLanguage":"fr-FR","@id":"https:\/\/secure.gravatar.com\/avatar\/ed3b31015eb64b9dbe1965adfd41308a70ac66e8c945247f3817f69d5ee23225?s=96&d=mm&r=g","url":"https:\/\/secure.gravatar.com\/avatar\/ed3b31015eb64b9dbe1965adfd41308a70ac66e8c945247f3817f69d5ee23225?s=96&d=mm&r=g","contentUrl":"https:\/\/secure.gravatar.com\/avatar\/ed3b31015eb64b9dbe1965adfd41308a70ac66e8c945247f3817f69d5ee23225?s=96&d=mm&r=g","caption":"Salumificio Sorrentino"},"sameAs":["http:\/\/www.salumisorrentino.com"],"url":"https:\/\/www.salumisorrentino.com\/fr\/author\/sorrentino"}]}},"_links":{"self":[{"href":"https:\/\/www.salumisorrentino.com\/fr\/wp-json\/wp\/v2\/posts\/2663","targetHints":{"allow":["GET"]}}],"collection":[{"href":"https:\/\/www.salumisorrentino.com\/fr\/wp-json\/wp\/v2\/posts"}],"about":[{"href":"https:\/\/www.salumisorrentino.com\/fr\/wp-json\/wp\/v2\/types\/post"}],"author":[{"embeddable":true,"href":"https:\/\/www.salumisorrentino.com\/fr\/wp-json\/wp\/v2\/users\/9192193"}],"replies":[{"embeddable":true,"href":"https:\/\/www.salumisorrentino.com\/fr\/wp-json\/wp\/v2\/comments?post=2663"}],"version-history":[{"count":5,"href":"https:\/\/www.salumisorrentino.com\/fr\/wp-json\/wp\/v2\/posts\/2663\/revisions"}],"predecessor-version":[{"id":2670,"href":"https:\/\/www.salumisorrentino.com\/fr\/wp-json\/wp\/v2\/posts\/2663\/revisions\/2670"}],"wp:featuredmedia":[{"embeddable":true,"href":"https:\/\/www.salumisorrentino.com\/fr\/wp-json\/wp\/v2\/media\/2688"}],"wp:attachment":[{"href":"https:\/\/www.salumisorrentino.com\/fr\/wp-json\/wp\/v2\/media?parent=2663"}],"wp:term":[{"taxonomy":"category","embeddable":true,"href":"https:\/\/www.salumisorrentino.com\/fr\/wp-json\/wp\/v2\/categories?post=2663"},{"taxonomy":"post_tag","embeddable":true,"href":"https:\/\/www.salumisorrentino.com\/fr\/wp-json\/wp\/v2\/tags?post=2663"}],"curies":[{"name":"wp","href":"https:\/\/api.w.org\/{rel}","templated":true}]}}